{"id":3322,"date":"2024-02-13T10:17:42","date_gmt":"2024-02-13T10:17:42","guid":{"rendered":"https:\/\/prodimax.es\/ioreabogados\/?p=3322"},"modified":"2024-02-19T12:49:34","modified_gmt":"2024-02-19T12:49:34","slug":"fgdhdfgh","status":"publish","type":"post","link":"https:\/\/ioreabogados.com\/index.php\/2024\/02\/13\/fgdhdfgh\/","title":{"rendered":"Padres Funcionarios y Permiso de Lactancia"},"content":{"rendered":"\n<p>El embarazo y las situaciones laborales que pueden surgir en relaci\u00f3n al mismo son cuestiones que ya no afectan exclusivamente a la mujer.<\/p>\n\n\n\n<p>Con el fin garantizar los derechos del personal al servicio de la Administraci\u00f3n P\u00fablica, la Comisi\u00f3n Superior de Personal de la Administraci\u00f3n P\u00fablica ha establecido los criterios a seguir en su reconocimiento. En concreto, y en lo que se refiere a este post, en cuanto al permiso de lactancia. Dichos criterios han sido adoptados, fundamentalmente, como consecuencia de una Sentencia del Tribunal de Justicia de la Uni\u00f3n Europea y de otra del Tribunal Constitucional.<\/p>\n\n\n\n<p>El Estatuto B\u00e1sico del Empleado P\u00fablico recoge el derecho al permiso de lactancia, que se materializa en una hora de ausencia del trabajo, que podr\u00e1 dividirse en dos fracciones, previendo adem\u00e1s la posibilidad de sustituir este derecho por una reducci\u00f3n de la jornada normal en media hora al inicio y al final o, en una hora al inicio o al final de la jornada. Adem\u00e1s, se prev\u00e9 la posibilidad de la sustituci\u00f3n del tiempo de lactancia por un permiso retribuido que acumule en jornadas completas el tiempo correspondiente.<\/p>\n\n\n\n<p><strong><u>El debate ha surgido en relaci\u00f3n al&nbsp; ejercicio del derecho si uno de los dos progenitories no trabaja. En concreto, \u00bfpuede el padre solicitarlo, si la madre no trabaja? \u00bfy la madre, en el&nbsp; mismo supuesto?.<\/u><\/strong><\/p>\n\n\n\n<p>La Sentencia del TJUE de 30 de septiembre de 2010 y, posteriormente, la del Tribunal Constitucional de 19 de mayo de 2011, aclararon dicha cuesti\u00f3n, concluyendo que el permiso puede ser disfrutado indistintamente, por la madre o el padre, sin exigir que ambos desempe\u00f1en actividad laboral. Es decir, que&nbsp;<strong>el \u00fanico requisito que se exige para poder disfrutar del derecho es que lo solicite uno de los miembros, bien sea el padre o la madre.<\/strong><\/p>\n\n\n\n<p>Es por ello que la Administraci\u00f3n P\u00fablica se ha visto obligada a adaptarse, aprobando los criterios a seguir en cuanto al ejercicio del derecho se refiere. Si bien y por desgracia, en algunos casos, esos criterios no son respetados en su integridad y obligan al funcionario p\u00fablico a reclamarlos ante la Jurisdicci\u00f3n Contencioso-Administrativa. Esto sucedi\u00f3 recientemente en el supuesto de un funcionario p\u00fablico (en este caso miembro de la Guardia Civil) al que se le priv\u00f3 injustificadamente del disfrute del permiso, alegando para ello la Administraci\u00f3n que su c\u00f3nyuge (mujer) no era trabajadora por cuenta ajena y que por tanto \u00e9l no ten\u00eda derecho a ese permiso. El funcionario acudi\u00f3 a la v\u00eda judicial para su reclamaci\u00f3n, en la cual se ha obtenido un resultado estimatorio por\u00a0Sentencia de 17 de septiembre de 2014 del Juzgado de lo Contencioso-Administrativo n\u00famero 2 de Pamplona.<\/p>\n","protected":false},"excerpt":{"rendered":"<p>El embarazo y las situaciones laborales que pueden surgir en relaci\u00f3n al mismo son cuestiones que ya no afectan exclusivamente a la mujer. Con el fin garantizar los derechos del personal al servicio de la Administraci\u00f3n P\u00fablica, la Comisi\u00f3n Superior de Personal de la Administraci\u00f3n P\u00fablica ha establecido los criterios a seguir en su reconocimiento. [&hellip;]<\/p>\n","protected":false},"author":1,"featured_media":0,"comment_status":"open","ping_status":"closed","sticky":false,"template":"","format":"standard","meta":{"_jetpack_memberships_contains_paid_content":false,"footnotes":""},"categories":[1],"tags":[],"class_list":["post-3322","post","type-post","status-publish","format-standard","hentry","category-uncategorized"],"yoast_head":"<!-- This site is optimized with the Yoast SEO plugin v26.3 - https:\/\/yoast.com\/wordpress\/plugins\/seo\/ -->\r\n<title>Padres Funcionarios y Permiso de Lactancia - Iore Abogados<\/title>\r\n<meta name=\"robots\" content=\"index, follow, max-snippet:-1, max-image-preview:large, max-video-preview:-1\" \/>\r\n<link rel=\"canonical\" href=\"https:\/\/ioreabogados.com\/index.php\/2024\/02\/13\/fgdhdfgh\/\" \/>\r\n<meta property=\"og:locale\" content=\"es_ES\" \/>\r\n<meta property=\"og:type\" content=\"article\" \/>\r\n<meta property=\"og:title\" content=\"Padres Funcionarios y Permiso de Lactancia - Iore Abogados\" \/>\r\n<meta property=\"og:description\" content=\"El embarazo y las situaciones laborales que pueden surgir en relaci\u00f3n al mismo son cuestiones que ya no afectan exclusivamente a la mujer. Con el fin garantizar los derechos del personal al servicio de la Administraci\u00f3n P\u00fablica, la Comisi\u00f3n Superior de Personal de la Administraci\u00f3n P\u00fablica ha establecido los criterios a seguir en su reconocimiento. [&hellip;]\" \/>\r\n<meta property=\"og:url\" content=\"https:\/\/ioreabogados.com\/index.php\/2024\/02\/13\/fgdhdfgh\/\" \/>\r\n<meta property=\"og:site_name\" content=\"Iore Abogados\" \/>\r\n<meta property=\"article:published_time\" content=\"2024-02-13T10:17:42+00:00\" \/>\r\n<meta property=\"article:modified_time\" content=\"2024-02-19T12:49:34+00:00\" \/>\r\n<meta name=\"author\" content=\"admin\" \/>\r\n<meta name=\"twitter:card\" content=\"summary_large_image\" \/>\r\n<meta name=\"twitter:creator\" content=\"@IoreAbogados\" \/>\r\n<meta name=\"twitter:site\" content=\"@IoreAbogados\" \/>\r\n<meta name=\"twitter:label1\" content=\"Escrito por\" \/>\n\t<meta name=\"twitter:data1\" content=\"admin\" \/>\n\t<meta name=\"twitter:label2\" content=\"Tiempo de lectura\" \/>\n\t<meta name=\"twitter:data2\" content=\"3 minutos\" \/>\r\n<script type=\"application\/ld+json\" class=\"yoast-schema-graph\">{\"@context\":\"https:\/\/schema.org\",\"@graph\":[{\"@type\":\"Article\",\"@id\":\"https:\/\/ioreabogados.com\/index.php\/2024\/02\/13\/fgdhdfgh\/#article\",\"isPartOf\":{\"@id\":\"https:\/\/ioreabogados.com\/index.php\/2024\/02\/13\/fgdhdfgh\/\"},\"author\":{\"name\":\"admin\",\"@id\":\"https:\/\/ioreabogados.com\/#\/schema\/person\/fe9fc2e72240ee716b754f41a5b8b22d\"},\"headline\":\"Padres Funcionarios y Permiso de Lactancia\",\"datePublished\":\"2024-02-13T10:17:42+00:00\",\"dateModified\":\"2024-02-19T12:49:34+00:00\",\"mainEntityOfPage\":{\"@id\":\"https:\/\/ioreabogados.com\/index.php\/2024\/02\/13\/fgdhdfgh\/\"},\"wordCount\":468,\"commentCount\":0,\"publisher\":{\"@id\":\"https:\/\/ioreabogados.com\/#organization\"},\"articleSection\":[\"Uncategorized\"],\"inLanguage\":\"es\",\"potentialAction\":[{\"@type\":\"CommentAction\",\"name\":\"Comment\",\"target\":[\"https:\/\/ioreabogados.com\/index.php\/2024\/02\/13\/fgdhdfgh\/#respond\"]}]},{\"@type\":\"WebPage\",\"@id\":\"https:\/\/ioreabogados.com\/index.php\/2024\/02\/13\/fgdhdfgh\/\",\"url\":\"https:\/\/ioreabogados.com\/index.php\/2024\/02\/13\/fgdhdfgh\/\",\"name\":\"Padres Funcionarios y Permiso de Lactancia - Iore Abogados\",\"isPartOf\":{\"@id\":\"https:\/\/ioreabogados.com\/#website\"},\"datePublished\":\"2024-02-13T10:17:42+00:00\",\"dateModified\":\"2024-02-19T12:49:34+00:00\",\"breadcrumb\":{\"@id\":\"https:\/\/ioreabogados.com\/index.php\/2024\/02\/13\/fgdhdfgh\/#breadcrumb\"},\"inLanguage\":\"es\",\"potentialAction\":[{\"@type\":\"ReadAction\",\"target\":[\"https:\/\/ioreabogados.com\/index.php\/2024\/02\/13\/fgdhdfgh\/\"]}]},{\"@type\":\"BreadcrumbList\",\"@id\":\"https:\/\/ioreabogados.com\/index.php\/2024\/02\/13\/fgdhdfgh\/#breadcrumb\",\"itemListElement\":[{\"@type\":\"ListItem\",\"position\":1,\"name\":\"Portada\",\"item\":\"https:\/\/ioreabogados.com\/\"},{\"@type\":\"ListItem\",\"position\":2,\"name\":\"Padres Funcionarios y Permiso de Lactancia\"}]},{\"@type\":\"WebSite\",\"@id\":\"https:\/\/ioreabogados.com\/#website\",\"url\":\"https:\/\/ioreabogados.com\/\",\"name\":\"Iore Abogados\",\"description\":\"\",\"publisher\":{\"@id\":\"https:\/\/ioreabogados.com\/#organization\"},\"potentialAction\":[{\"@type\":\"SearchAction\",\"target\":{\"@type\":\"EntryPoint\",\"urlTemplate\":\"https:\/\/ioreabogados.com\/?s={search_term_string}\"},\"query-input\":{\"@type\":\"PropertyValueSpecification\",\"valueRequired\":true,\"valueName\":\"search_term_string\"}}],\"inLanguage\":\"es\"},{\"@type\":\"Organization\",\"@id\":\"https:\/\/ioreabogados.com\/#organization\",\"name\":\"Iore Abogados\",\"url\":\"https:\/\/ioreabogados.com\/\",\"logo\":{\"@type\":\"ImageObject\",\"inLanguage\":\"es\",\"@id\":\"https:\/\/ioreabogados.com\/#\/schema\/logo\/image\/\",\"url\":\"https:\/\/ioreabogados.com\/wp-content\/uploads\/2023\/11\/cropped-logoAbogadosPamplona-1.png\",\"contentUrl\":\"https:\/\/ioreabogados.com\/wp-content\/uploads\/2023\/11\/cropped-logoAbogadosPamplona-1.png\",\"width\":304,\"height\":109,\"caption\":\"Iore Abogados\"},\"image\":{\"@id\":\"https:\/\/ioreabogados.com\/#\/schema\/logo\/image\/\"},\"sameAs\":[\"https:\/\/x.com\/IoreAbogados\"]},{\"@type\":\"Person\",\"@id\":\"https:\/\/ioreabogados.com\/#\/schema\/person\/fe9fc2e72240ee716b754f41a5b8b22d\",\"name\":\"admin\",\"image\":{\"@type\":\"ImageObject\",\"inLanguage\":\"es\",\"@id\":\"https:\/\/ioreabogados.com\/#\/schema\/person\/image\/\",\"url\":\"https:\/\/secure.gravatar.com\/avatar\/2355275e435119cb6e46b9e2caf5fe01fa50006d2ffb7f50d1929e6549d6edb8?s=96&d=mm&r=g\",\"contentUrl\":\"https:\/\/secure.gravatar.com\/avatar\/2355275e435119cb6e46b9e2caf5fe01fa50006d2ffb7f50d1929e6549d6edb8?s=96&d=mm&r=g\",\"caption\":\"admin\"},\"sameAs\":[\"https:\/\/ioreabogados.com\"],\"url\":\"https:\/\/ioreabogados.com\/index.php\/author\/iore_temp\/\"}]}<\/script>\r\n<!-- \/ Yoast SEO plugin. -->","yoast_head_json":{"title":"Padres Funcionarios y Permiso de Lactancia - Iore Abogados","robots":{"index":"index","follow":"follow","max-snippet":"max-snippet:-1","max-image-preview":"max-image-preview:large","max-video-preview":"max-video-preview:-1"},"canonical":"https:\/\/ioreabogados.com\/index.php\/2024\/02\/13\/fgdhdfgh\/","og_locale":"es_ES","og_type":"article","og_title":"Padres Funcionarios y Permiso de Lactancia - Iore Abogados","og_description":"El embarazo y las situaciones laborales que pueden surgir en relaci\u00f3n al mismo son cuestiones que ya no afectan exclusivamente a la mujer. Con el fin garantizar los derechos del personal al servicio de la Administraci\u00f3n P\u00fablica, la Comisi\u00f3n Superior de Personal de la Administraci\u00f3n P\u00fablica ha establecido los criterios a seguir en su reconocimiento. [&hellip;]","og_url":"https:\/\/ioreabogados.com\/index.php\/2024\/02\/13\/fgdhdfgh\/","og_site_name":"Iore Abogados","article_published_time":"2024-02-13T10:17:42+00:00","article_modified_time":"2024-02-19T12:49:34+00:00","author":"admin","twitter_card":"summary_large_image","twitter_creator":"@IoreAbogados","twitter_site":"@IoreAbogados","twitter_misc":{"Escrito por":"admin","Tiempo de lectura":"3 minutos"},"schema":{"@context":"https:\/\/schema.org","@graph":[{"@type":"Article","@id":"https:\/\/ioreabogados.com\/index.php\/2024\/02\/13\/fgdhdfgh\/#article","isPartOf":{"@id":"https:\/\/ioreabogados.com\/index.php\/2024\/02\/13\/fgdhdfgh\/"},"author":{"name":"admin","@id":"https:\/\/ioreabogados.com\/#\/schema\/person\/fe9fc2e72240ee716b754f41a5b8b22d"},"headline":"Padres Funcionarios y Permiso de Lactancia","datePublished":"2024-02-13T10:17:42+00:00","dateModified":"2024-02-19T12:49:34+00:00","mainEntityOfPage":{"@id":"https:\/\/ioreabogados.com\/index.php\/2024\/02\/13\/fgdhdfgh\/"},"wordCount":468,"commentCount":0,"publisher":{"@id":"https:\/\/ioreabogados.com\/#organization"},"articleSection":["Uncategorized"],"inLanguage":"es","potentialAction":[{"@type":"CommentAction","name":"Comment","target":["https:\/\/ioreabogados.com\/index.php\/2024\/02\/13\/fgdhdfgh\/#respond"]}]},{"@type":"WebPage","@id":"https:\/\/ioreabogados.com\/index.php\/2024\/02\/13\/fgdhdfgh\/","url":"https:\/\/ioreabogados.com\/index.php\/2024\/02\/13\/fgdhdfgh\/","name":"Padres Funcionarios y Permiso de Lactancia - Iore Abogados","isPartOf":{"@id":"https:\/\/ioreabogados.com\/#website"},"datePublished":"2024-02-13T10:17:42+00:00","dateModified":"2024-02-19T12:49:34+00:00","breadcrumb":{"@id":"https:\/\/ioreabogados.com\/index.php\/2024\/02\/13\/fgdhdfgh\/#breadcrumb"},"inLanguage":"es","potentialAction":[{"@type":"ReadAction","target":["https:\/\/ioreabogados.com\/index.php\/2024\/02\/13\/fgdhdfgh\/"]}]},{"@type":"BreadcrumbList","@id":"https:\/\/ioreabogados.com\/index.php\/2024\/02\/13\/fgdhdfgh\/#breadcrumb","itemListElement":[{"@type":"ListItem","position":1,"name":"Portada","item":"https:\/\/ioreabogados.com\/"},{"@type":"ListItem","position":2,"name":"Padres Funcionarios y Permiso de Lactancia"}]},{"@type":"WebSite","@id":"https:\/\/ioreabogados.com\/#website","url":"https:\/\/ioreabogados.com\/","name":"Iore Abogados","description":"","publisher":{"@id":"https:\/\/ioreabogados.com\/#organization"},"potentialAction":[{"@type":"SearchAction","target":{"@type":"EntryPoint","urlTemplate":"https:\/\/ioreabogados.com\/?s={search_term_string}"},"query-input":{"@type":"PropertyValueSpecification","valueRequired":true,"valueName":"search_term_string"}}],"inLanguage":"es"},{"@type":"Organization","@id":"https:\/\/ioreabogados.com\/#organization","name":"Iore Abogados","url":"https:\/\/ioreabogados.com\/","logo":{"@type":"ImageObject","inLanguage":"es","@id":"https:\/\/ioreabogados.com\/#\/schema\/logo\/image\/","url":"https:\/\/ioreabogados.com\/wp-content\/uploads\/2023\/11\/cropped-logoAbogadosPamplona-1.png","contentUrl":"https:\/\/ioreabogados.com\/wp-content\/uploads\/2023\/11\/cropped-logoAbogadosPamplona-1.png","width":304,"height":109,"caption":"Iore Abogados"},"image":{"@id":"https:\/\/ioreabogados.com\/#\/schema\/logo\/image\/"},"sameAs":["https:\/\/x.com\/IoreAbogados"]},{"@type":"Person","@id":"https:\/\/ioreabogados.com\/#\/schema\/person\/fe9fc2e72240ee716b754f41a5b8b22d","name":"admin","image":{"@type":"ImageObject","inLanguage":"es","@id":"https:\/\/ioreabogados.com\/#\/schema\/person\/image\/","url":"https:\/\/secure.gravatar.com\/avatar\/2355275e435119cb6e46b9e2caf5fe01fa50006d2ffb7f50d1929e6549d6edb8?s=96&d=mm&r=g","contentUrl":"https:\/\/secure.gravatar.com\/avatar\/2355275e435119cb6e46b9e2caf5fe01fa50006d2ffb7f50d1929e6549d6edb8?s=96&d=mm&r=g","caption":"admin"},"sameAs":["https:\/\/ioreabogados.com"],"url":"https:\/\/ioreabogados.com\/index.php\/author\/iore_temp\/"}]}},"jetpack_featured_media_url":"","jetpack_sharing_enabled":true,"_links":{"self":[{"href":"https:\/\/ioreabogados.com\/index.php\/wp-json\/wp\/v2\/posts\/3322","targetHints":{"allow":["GET"]}}],"collection":[{"href":"https:\/\/ioreabogados.com\/index.php\/wp-json\/wp\/v2\/posts"}],"about":[{"href":"https:\/\/ioreabogados.com\/index.php\/wp-json\/wp\/v2\/types\/post"}],"author":[{"embeddable":true,"href":"https:\/\/ioreabogados.com\/index.php\/wp-json\/wp\/v2\/users\/1"}],"replies":[{"embeddable":true,"href":"https:\/\/ioreabogados.com\/index.php\/wp-json\/wp\/v2\/comments?post=3322"}],"version-history":[{"count":3,"href":"https:\/\/ioreabogados.com\/index.php\/wp-json\/wp\/v2\/posts\/3322\/revisions"}],"predecessor-version":[{"id":3729,"href":"https:\/\/ioreabogados.com\/index.php\/wp-json\/wp\/v2\/posts\/3322\/revisions\/3729"}],"wp:attachment":[{"href":"https:\/\/ioreabogados.com\/index.php\/wp-json\/wp\/v2\/media?parent=3322"}],"wp:term":[{"taxonomy":"category","embeddable":true,"href":"https:\/\/ioreabogados.com\/index.php\/wp-json\/wp\/v2\/categories?post=3322"},{"taxonomy":"post_tag","embeddable":true,"href":"https:\/\/ioreabogados.com\/index.php\/wp-json\/wp\/v2\/tags?post=3322"}],"curies":[{"name":"wp","href":"https:\/\/api.w.org\/{rel}","templated":true}]}}